{"id":1279921,"date":"2025-09-04T14:00:00","date_gmt":"2025-09-04T12:00:00","guid":{"rendered":"https:\/\/www.hotelis.ch\/?p=1279212"},"modified":"2025-09-04T14:00:00","modified_gmt":"2025-09-04T12:00:00","slug":"martin-hueber-hotelis-e-la-lineetta-tra-i-professionisti","status":"publish","type":"post","link":"https:\/\/www.hotelis.ch\/it\/martin-hueber-hotelis-e-la-lineetta-tra-i-professionisti\/","title":{"rendered":"Martin Hueber: \u00abHotelis \u00e8 la lineetta tra i professionisti\u00bb\u00a0"},"content":{"rendered":"\n<p><em>Martin Hueber dirige Hotelis nella Svizzera tedesca da giugno 2025. Con una doppia competenza nei settori alberghiero, della ristorazione e del collocamento del personale, parla della sua carriera, delle sfide del mercato di lingua tedesca e delle priorit\u00e0 strategiche di Hotelis in materia di formazione e digitalizzazione.\u00a0<\/em><\/p>\n\n\n\n<p><strong>Martin Hueber, sei appena entrato a far parte di Hotelis come direttore per la Svizzera tedesca. Cosa ti ha convinto a unirti a questo marchio specializzato nel settore alberghiero e della ristorazione?<\/strong>\u00a0<br>Dopo oltre 17 anni nella stessa azienda, qualche mese fa ho sentito il bisogno di un rinnovamento professionale. Ho preso una pausa, poi ho seguito un corso di formazione certificato presso l&#8217;universit\u00e0 di scienze applicate di Lucerna, per allineare i miei obiettivi professionali con le mie aspirazioni personali. Quando Raphael Schmid, CEO di Interiman Group, e Lionel Fontaine, direttore di Hotelis, mi hanno contattato, sono stato subito attratto dal progetto. Hotelis, un&#8217;azienda specializzata nel settore alberghiero e della ristorazione, non \u00e8 solo animata da una vera passione per la professione, ma incarna anche forti valori umani. Ho subito sentito di potermi immergere in un ambiente nuovo e stimolante, capitalizzando al contempo la mia esperienza pregressa. La complementarit\u00e0 tra il mio background nel settore alberghiero e della ristorazione e le risorse umane si sposava perfettamente con il profilo ricercato.\u00a0<\/p>\n\n\n\n<p><strong>Il suo percorso professionale \u00e8 effettivamente caratterizzato da una duplice competenza<\/strong><strong>?<\/strong>&nbsp;<br>Provengo dal settore. La mia carriera professionale \u00e8 iniziata con un apprendistato come cuoco, per poi studiare alla Swiss Hotel Management School di Lucerna (SHL). Successivamente, ho lavorato nel settore del collocamento di personale a tempo indeterminato e temporaneo, in particolare in ruoli di gestione e sviluppo strategico. Oggi, questo percorso professionale mi permette di comprendere sia le realt\u00e0 operative del settore alberghiero e della ristorazione, sia le dinamiche del mercato del lavoro. Il vantaggio di questa visione globale \u00e8 che posso comprendere e soddisfare le esigenze sia delle aziende che dei candidati.&nbsp;<\/p>\n\n\n\n<p><strong>Qual \u00e8 l&#8217;attuale situazione del mercato nella Svizzera tedesca?<\/strong>&nbsp;<br>Non \u00e8 un segreto che il settore alberghiero e della ristorazione in Svizzera soffra di una carenza di personale qualificato. Si tratta di una sfida importante, che stiamo affrontando con il supporto di numerosi partner del settore. Tra questi, Eldora, l&#8217;operatore specializzato nella ristorazione per gruppi, di cui sosteniamo lo sviluppo e che rappresenta per noi un&#8217;interessante fonte di crescita.&nbsp;<\/p>\n\n\n\n<p><strong>E per quanto riguarda la notoriet\u00e0 di Hotelis?<\/strong>&nbsp;<br>Il contesto \u00e8 diverso rispetto alla Svizzera romanda, dove il marchio gode gi\u00e0 di un riconoscimento unanime nel settore. Nella Svizzera tedesca, siamo certamente saldamente radicati nelle citt\u00e0 di Berna e Zurigo, ma abbiamo ancora ampi margini di crescita. La concorrenza \u00e8 agguerrita e le pratiche da questa parte della Sarina sono significativamente diverse. Ad esempio, osserviamo che il mercato \u00e8 pi\u00f9 digitalizzato, per non parlare del fatto che alcuni settori, come l&#8217;housekeeping, che registra buoni risultati nella Svizzera romanda, non hanno ancora trovato il loro pubblico qui.&nbsp;<\/p>\n\n\n\n<p><strong>Quali sono le vostre priorit\u00e0 strategiche per rafforzare la presenza del brand<\/strong><strong>?<\/strong>&nbsp;<br>Abbiamo definito diverse priorit\u00e0, la prima delle quali \u00e8 ovviamente quella di acquisire visibilit\u00e0 e quote di mercato. Questo obiettivo richieder\u00e0 l&#8217;implementazione di una strategia di presenza mirata, unita alla modernizzazione dei nostri strumenti. Penso in particolare all&#8217;utilizzo pi\u00f9 sistematico dei canali di reclutamento digitali, in particolare per il collocamento temporaneo, dove la reattivit\u00e0 \u00e8 fondamentale. In questo contesto, la promozione della nostra app Hotelis svolger\u00e0 un ruolo fondamentale, poich\u00e9 rappresenta il collegamento tra i nostri team e i clienti. Infine, non abbiamo dimenticato il capitale umano, che \u00e8 fondamentale, come tutti sanno. Sar\u00e0 quindi fondamentale fidelizzare i nostri dipendenti interni, perch\u00e9 la loro competenza \u00e8 la nostra vera forza.&nbsp;<\/p>\n\n\n\n<p><strong>Negli ultimi anni, le aspettative dei candidati si sono evolute notevolmente. Questo cambiamento \u00e8 una sfida o, al contrario, un&#8217;opportunit\u00e0?<\/strong>&nbsp;<br>Direi che \u00e8 chiaramente un&#8217;opportunit\u00e0. La ricerca di senso, la priorit\u00e0 data alla flessibilit\u00e0 e il desiderio di trovare un migliore equilibrio tra lavoro e vita privata sono tutti fattori a favore delle nostre professioni. Consentono un&#8217;ampia gamma di esperienze professionali diverse, all&#8217;interno di team e in contesti altrettanto diversi. I giovani non sempre apprezzano la routine; il settore alberghiero e della ristorazione rappresenta quindi per loro un&#8217;opportunit\u00e0 di crescita in un settore particolarmente dinamico. Grazie ad Hotelis Academy, siamo inoltre in grado di offrire programmi di formazione adatti a tutti i profili. Questo \u00e8 ideale per supportare le transizioni di carriera e promuovere lo sviluppo delle competenze, rafforzando l&#8217;attrattivit\u00e0 del settore.&nbsp;<\/p>\n\n\n\n<p><strong>Dove si svolge il lancio di Hotelis Academy nella Svizzera tedesca?<\/strong>&nbsp;<br>Abbiamo lanciato il nostro primo corso di formazione a Zurigo a luglio 2025. Altri moduli seguiranno questo autunno, con l&#8217;obiettivo di offrire un&#8217;ampia selezione di corsi sia ai nostri dipendenti che ai nostri clienti. La componente formativa \u00e8 una leva essenziale per trattenere i migliori talenti e contribuire alla crescita del settore attraverso la formazione continua.&nbsp;<\/p>\n\n\n\n<p><strong>Il segmento del reclutamento di dirigenti, gi\u00e0 ampiamente diffuso nella Svizzera romanda, \u00e8 all&#8217;ordine del giorno anche nella Svizzera tedesca?<\/strong>\u00a0<br>Assolutamente s\u00ec. Internamente, disponiamo di numerosi dipendenti esperti, formati nel settore alberghiero, che comprendono appieno le sfide del settore e sono in grado di comunicare alla pari con i decisori. \u00c8 importante valorizzare queste competenze e rispondere cos\u00ec alla crescente domanda di personale dirigenziale. In questo ambito, la Svizzera tedesca, grazie alla nostra presenza a Berna e Zurigo, e in futuro in altre grandi citt\u00e0, offre un significativo potenziale di crescita.\u00a0<\/p>\n\n\n\n<p><strong>Un&#8217;ultima domanda, pi\u00f9 personale: cosa fai quando ti togli l&#8217;uniforme da direttore?<\/strong>\u00a0<br>Sono appassionato di sport e natura. Le lunghe corse o le escursioni in montagna sono un modo unico per ricaricare le batterie. E naturalmente, dedico molto tempo alla mia famiglia. Cerco anche di trovare un equilibrio tra lavoro e vita privata nella mia vita quotidiana.\u00a0<\/p>\n","protected":false},"excerpt":{"rendered":"<p>Martin Hueber dirige Hotelis nella Svizzera tedesca da giugno 2025. Con una doppia competenza nei settori alberghiero, della ristorazione e del collocamento del personale, parla della sua carriera, delle sfide del mercato di lingua tedesca e delle priorit\u00e0 strategiche di Hotelis in materia di formazione e digitalizzazione.\u00a0 Martin Hueber, sei appena entrato a far parte [&#8230;]<\/p>\n<p><a class=\"btn btn-secondary understrap-read-more-link\" href=\"https:\/\/www.hotelis.ch\/it\/martin-hueber-hotelis-e-la-lineetta-tra-i-professionisti\/\">Leggi di pi\u00f9&#8230;<span class=\"screen-reader-text\"> from Martin Hueber: \u00abHotelis \u00e8 la lineetta tra i professionisti\u00bb\u00a0<\/span><\/a><\/p>\n","protected":false},"author":12,"featured_media":1279919,"comment_status":"closed","ping_status":"closed","sticky":false,"template":"","format":"standard","meta":{"_monsterinsights_skip_tracking":false,"_monsterinsights_sitenote_active":false,"_monsterinsights_sitenote_note":"","_monsterinsights_sitenote_category":0,"footnotes":""},"categories":[80],"tags":[],"class_list":["post-1279921","post","type-post","status-publish","format-standard","has-post-thumbnail","hentry","category-articles"],"yoast_head":"<!-- This site is optimized with the Yoast SEO plugin v26.9 - https:\/\/yoast.com\/product\/yoast-seo-wordpress\/ -->\n<title>Martin Hueber: \u00abHotelis \u00e8 la lineetta tra i professionisti\u00bb\u00a0 - Hotelis<\/title>\n<meta name=\"description\" content=\"Martin Hueber dirige Hotelis nella Svizzera tedesca da giugno 2025. Con una doppia competenza nei settori alberghiero, della ristorazione e del collocamento del personale, parla della sua carriera, delle sfide del mercato di lingua tedesca e delle priorit\u00e0 strategiche di Hotelis in materia di formazione e digitalizzazione.\u00a0\" \/>\n<meta name=\"robots\" content=\"index, follow, max-snippet:-1, max-image-preview:large, max-video-preview:-1\" \/>\n<link rel=\"canonical\" href=\"https:\/\/www.hotelis.ch\/it\/martin-hueber-hotelis-e-la-lineetta-tra-i-professionisti\/\" \/>\n<meta property=\"og:locale\" content=\"it_IT\" \/>\n<meta property=\"og:type\" content=\"article\" \/>\n<meta property=\"og:title\" content=\"Martin Hueber: \u00abHotelis \u00e8 la lineetta tra i professionisti\u00bb\u00a0 - Hotelis\" \/>\n<meta property=\"og:description\" content=\"Martin Hueber dirige Hotelis nella Svizzera tedesca da giugno 2025. Con una doppia competenza nei settori alberghiero, della ristorazione e del collocamento del personale, parla della sua carriera, delle sfide del mercato di lingua tedesca e delle priorit\u00e0 strategiche di Hotelis in materia di formazione e digitalizzazione.\u00a0\" \/>\n<meta property=\"og:url\" content=\"https:\/\/www.hotelis.ch\/it\/martin-hueber-hotelis-e-la-lineetta-tra-i-professionisti\/\" \/>\n<meta property=\"og:site_name\" content=\"Hotelis\" \/>\n<meta property=\"article:publisher\" content=\"https:\/\/www.facebook.com\/Hotelis-383327892499485\/\" \/>\n<meta property=\"article:published_time\" content=\"2025-09-04T12:00:00+00:00\" \/>\n<meta property=\"og:image\" content=\"https:\/\/www.hotelis.ch\/wp-content\/uploads\/2025\/09\/2-scaled-1-1024x683.png\" \/>\n\t<meta property=\"og:image:width\" content=\"1024\" \/>\n\t<meta property=\"og:image:height\" content=\"683\" \/>\n\t<meta property=\"og:image:type\" content=\"image\/png\" \/>\n<meta name=\"author\" content=\"Marketing\" \/>\n<meta name=\"twitter:card\" content=\"summary_large_image\" \/>\n<meta name=\"twitter:label1\" content=\"Scritto da\" \/>\n\t<meta name=\"twitter:data1\" content=\"Marketing\" \/>\n\t<meta name=\"twitter:label2\" content=\"Tempo di lettura stimato\" \/>\n\t<meta name=\"twitter:data2\" content=\"6 minuti\" \/>\n<script type=\"application\/ld+json\" class=\"yoast-schema-graph\">{\"@context\":\"https:\/\/schema.org\",\"@graph\":[{\"@type\":\"Article\",\"@id\":\"https:\/\/www.hotelis.ch\/it\/martin-hueber-hotelis-e-la-lineetta-tra-i-professionisti\/#article\",\"isPartOf\":{\"@id\":\"https:\/\/www.hotelis.ch\/it\/martin-hueber-hotelis-e-la-lineetta-tra-i-professionisti\/\"},\"author\":{\"name\":\"Marketing\",\"@id\":\"https:\/\/www.hotelis.ch\/it\/#\/schema\/person\/3bf40b0eed613f7117225f6e3eee513f\"},\"headline\":\"Martin Hueber: \u00abHotelis \u00e8 la lineetta tra i professionisti\u00bb\u00a0\",\"datePublished\":\"2025-09-04T12:00:00+00:00\",\"mainEntityOfPage\":{\"@id\":\"https:\/\/www.hotelis.ch\/it\/martin-hueber-hotelis-e-la-lineetta-tra-i-professionisti\/\"},\"wordCount\":972,\"publisher\":{\"@id\":\"https:\/\/www.hotelis.ch\/it\/#organization\"},\"image\":{\"@id\":\"https:\/\/www.hotelis.ch\/it\/martin-hueber-hotelis-e-la-lineetta-tra-i-professionisti\/#primaryimage\"},\"thumbnailUrl\":\"https:\/\/www.hotelis.ch\/wp-content\/uploads\/2025\/09\/2-scaled-1.png\",\"articleSection\":[\"Articles\"],\"inLanguage\":\"it-IT\"},{\"@type\":\"WebPage\",\"@id\":\"https:\/\/www.hotelis.ch\/it\/martin-hueber-hotelis-e-la-lineetta-tra-i-professionisti\/\",\"url\":\"https:\/\/www.hotelis.ch\/it\/martin-hueber-hotelis-e-la-lineetta-tra-i-professionisti\/\",\"name\":\"Martin Hueber: \u00abHotelis \u00e8 la lineetta tra i professionisti\u00bb\u00a0 - Hotelis\",\"isPartOf\":{\"@id\":\"https:\/\/www.hotelis.ch\/it\/#website\"},\"primaryImageOfPage\":{\"@id\":\"https:\/\/www.hotelis.ch\/it\/martin-hueber-hotelis-e-la-lineetta-tra-i-professionisti\/#primaryimage\"},\"image\":{\"@id\":\"https:\/\/www.hotelis.ch\/it\/martin-hueber-hotelis-e-la-lineetta-tra-i-professionisti\/#primaryimage\"},\"thumbnailUrl\":\"https:\/\/www.hotelis.ch\/wp-content\/uploads\/2025\/09\/2-scaled-1.png\",\"datePublished\":\"2025-09-04T12:00:00+00:00\",\"description\":\"Martin Hueber dirige Hotelis nella Svizzera tedesca da giugno 2025. Con una doppia competenza nei settori alberghiero, della ristorazione e del collocamento del personale, parla della sua carriera, delle sfide del mercato di lingua tedesca e delle priorit\u00e0 strategiche di Hotelis in materia di formazione e digitalizzazione.\u00a0\",\"breadcrumb\":{\"@id\":\"https:\/\/www.hotelis.ch\/it\/martin-hueber-hotelis-e-la-lineetta-tra-i-professionisti\/#breadcrumb\"},\"inLanguage\":\"it-IT\",\"potentialAction\":[{\"@type\":\"ReadAction\",\"target\":[\"https:\/\/www.hotelis.ch\/it\/martin-hueber-hotelis-e-la-lineetta-tra-i-professionisti\/\"]}],\"dateModified\":\"2026-04-28T08:00:00+00:00\"},{\"@type\":\"ImageObject\",\"inLanguage\":\"it-IT\",\"@id\":\"https:\/\/www.hotelis.ch\/it\/martin-hueber-hotelis-e-la-lineetta-tra-i-professionisti\/#primaryimage\",\"url\":\"https:\/\/www.hotelis.ch\/wp-content\/uploads\/2025\/09\/2-scaled-1.png\",\"contentUrl\":\"https:\/\/www.hotelis.ch\/wp-content\/uploads\/2025\/09\/2-scaled-1.png\",\"width\":2560,\"height\":1707},{\"@type\":\"BreadcrumbList\",\"@id\":\"https:\/\/www.hotelis.ch\/it\/martin-hueber-hotelis-e-la-lineetta-tra-i-professionisti\/#breadcrumb\",\"itemListElement\":[{\"@type\":\"ListItem\",\"position\":1,\"name\":\"Accueil\",\"item\":\"https:\/\/www.hotelis.ch\/it\/\"},{\"@type\":\"ListItem\",\"position\":2,\"name\":\"Martin Hueber: \u00abHotelis \u00e8 la lineetta tra i professionisti\u00bb\u00a0\"}]},{\"@type\":\"WebSite\",\"@id\":\"https:\/\/www.hotelis.ch\/it\/#website\",\"url\":\"https:\/\/www.hotelis.ch\/it\/\",\"name\":\"Hotelis\",\"description\":\"\",\"publisher\":{\"@id\":\"https:\/\/www.hotelis.ch\/it\/#organization\"},\"potentialAction\":[{\"@type\":\"SearchAction\",\"target\":{\"@type\":\"EntryPoint\",\"urlTemplate\":\"https:\/\/www.hotelis.ch\/it\/ricerca-di-lavoro\/?jobs_search=1&keywords={search_term_string}\"},\"query-input\":{\"@type\":\"PropertyValueSpecification\",\"valueRequired\":true,\"valueName\":\"search_term_string\"}}],\"inLanguage\":\"it-IT\"},{\"@type\":\"Organization\",\"@id\":\"https:\/\/www.hotelis.ch\/it\/#organization\",\"name\":\"Hotelis\",\"url\":\"https:\/\/www.hotelis.ch\/it\/\",\"logo\":{\"@type\":\"ImageObject\",\"inLanguage\":\"it-IT\",\"@id\":\"https:\/\/www.hotelis.ch\/it\/#\/schema\/logo\/image\/\",\"url\":\"https:\/\/www.hotelis.ch\/wp-content\/uploads\/2025\/08\/Logo.png\",\"contentUrl\":\"https:\/\/www.hotelis.ch\/wp-content\/uploads\/2025\/08\/Logo.png\",\"width\":250,\"height\":62,\"caption\":\"Hotelis\"},\"image\":{\"@id\":\"https:\/\/www.hotelis.ch\/it\/#\/schema\/logo\/image\/\"},\"sameAs\":[\"https:\/\/www.facebook.com\/Hotelis-383327892499485\/\",\"https:\/\/www.linkedin.com\/company\/1755606\/\"]},{\"@type\":\"Person\",\"@id\":\"https:\/\/www.hotelis.ch\/it\/#\/schema\/person\/3bf40b0eed613f7117225f6e3eee513f\",\"name\":\"Marketing\",\"image\":{\"@type\":\"ImageObject\",\"inLanguage\":\"it-IT\",\"@id\":\"https:\/\/www.hotelis.ch\/it\/#\/schema\/person\/image\/\",\"url\":\"https:\/\/secure.gravatar.com\/avatar\/f195d15fff822d4a270e0b5fb1a9e8c2747b615b4a99b3fcec5f6fcaf8b72d03?s=96&d=mm&r=g\",\"contentUrl\":\"https:\/\/secure.gravatar.com\/avatar\/f195d15fff822d4a270e0b5fb1a9e8c2747b615b4a99b3fcec5f6fcaf8b72d03?s=96&d=mm&r=g\",\"caption\":\"Marketing\"},\"url\":\"https:\/\/www.hotelis.ch\/it\/author\/teammarketing\/\"}]}<\/script>\n<!-- \/ Yoast SEO plugin. -->","yoast_head_json":{"title":"Martin Hueber: \u00abHotelis \u00e8 la lineetta tra i professionisti\u00bb\u00a0 - Hotelis","description":"Martin Hueber dirige Hotelis nella Svizzera tedesca da giugno 2025. Con una doppia competenza nei settori alberghiero, della ristorazione e del collocamento del personale, parla della sua carriera, delle sfide del mercato di lingua tedesca e delle priorit\u00e0 strategiche di Hotelis in materia di formazione e digitalizzazione.\u00a0","robots":{"index":"index","follow":"follow","max-snippet":"max-snippet:-1","max-image-preview":"max-image-preview:large","max-video-preview":"max-video-preview:-1"},"canonical":"https:\/\/www.hotelis.ch\/it\/martin-hueber-hotelis-e-la-lineetta-tra-i-professionisti\/","og_locale":"it_IT","og_type":"article","og_title":"Martin Hueber: \u00abHotelis \u00e8 la lineetta tra i professionisti\u00bb\u00a0 - Hotelis","og_description":"Martin Hueber dirige Hotelis nella Svizzera tedesca da giugno 2025. Con una doppia competenza nei settori alberghiero, della ristorazione e del collocamento del personale, parla della sua carriera, delle sfide del mercato di lingua tedesca e delle priorit\u00e0 strategiche di Hotelis in materia di formazione e digitalizzazione.\u00a0","og_url":"https:\/\/www.hotelis.ch\/it\/martin-hueber-hotelis-e-la-lineetta-tra-i-professionisti\/","og_site_name":"Hotelis","article_publisher":"https:\/\/www.facebook.com\/Hotelis-383327892499485\/","article_published_time":"2025-09-04T12:00:00+00:00","og_image":[{"width":1024,"height":683,"url":"https:\/\/www.hotelis.ch\/wp-content\/uploads\/2025\/09\/2-scaled-1-1024x683.png","type":"image\/png"}],"author":"Marketing","twitter_card":"summary_large_image","twitter_misc":{"Scritto da":"Marketing","Tempo di lettura stimato":"6 minuti"},"schema":{"@context":"https:\/\/schema.org","@graph":[{"@type":"Article","@id":"https:\/\/www.hotelis.ch\/it\/martin-hueber-hotelis-e-la-lineetta-tra-i-professionisti\/#article","isPartOf":{"@id":"https:\/\/www.hotelis.ch\/it\/martin-hueber-hotelis-e-la-lineetta-tra-i-professionisti\/"},"author":{"name":"Marketing","@id":"https:\/\/www.hotelis.ch\/it\/#\/schema\/person\/3bf40b0eed613f7117225f6e3eee513f"},"headline":"Martin Hueber: \u00abHotelis \u00e8 la lineetta tra i professionisti\u00bb\u00a0","datePublished":"2025-09-04T12:00:00+00:00","mainEntityOfPage":{"@id":"https:\/\/www.hotelis.ch\/it\/martin-hueber-hotelis-e-la-lineetta-tra-i-professionisti\/"},"wordCount":972,"publisher":{"@id":"https:\/\/www.hotelis.ch\/it\/#organization"},"image":{"@id":"https:\/\/www.hotelis.ch\/it\/martin-hueber-hotelis-e-la-lineetta-tra-i-professionisti\/#primaryimage"},"thumbnailUrl":"https:\/\/www.hotelis.ch\/wp-content\/uploads\/2025\/09\/2-scaled-1.png","articleSection":["Articles"],"inLanguage":"it-IT"},{"@type":"WebPage","@id":"https:\/\/www.hotelis.ch\/it\/martin-hueber-hotelis-e-la-lineetta-tra-i-professionisti\/","url":"https:\/\/www.hotelis.ch\/it\/martin-hueber-hotelis-e-la-lineetta-tra-i-professionisti\/","name":"Martin Hueber: \u00abHotelis \u00e8 la lineetta tra i professionisti\u00bb\u00a0 - Hotelis","isPartOf":{"@id":"https:\/\/www.hotelis.ch\/it\/#website"},"primaryImageOfPage":{"@id":"https:\/\/www.hotelis.ch\/it\/martin-hueber-hotelis-e-la-lineetta-tra-i-professionisti\/#primaryimage"},"image":{"@id":"https:\/\/www.hotelis.ch\/it\/martin-hueber-hotelis-e-la-lineetta-tra-i-professionisti\/#primaryimage"},"thumbnailUrl":"https:\/\/www.hotelis.ch\/wp-content\/uploads\/2025\/09\/2-scaled-1.png","datePublished":"2025-09-04T12:00:00+00:00","description":"Martin Hueber dirige Hotelis nella Svizzera tedesca da giugno 2025. Con una doppia competenza nei settori alberghiero, della ristorazione e del collocamento del personale, parla della sua carriera, delle sfide del mercato di lingua tedesca e delle priorit\u00e0 strategiche di Hotelis in materia di formazione e digitalizzazione.\u00a0","breadcrumb":{"@id":"https:\/\/www.hotelis.ch\/it\/martin-hueber-hotelis-e-la-lineetta-tra-i-professionisti\/#breadcrumb"},"inLanguage":"it-IT","potentialAction":[{"@type":"ReadAction","target":["https:\/\/www.hotelis.ch\/it\/martin-hueber-hotelis-e-la-lineetta-tra-i-professionisti\/"]}],"dateModified":"2026-04-28T08:00:00+00:00"},{"@type":"ImageObject","inLanguage":"it-IT","@id":"https:\/\/www.hotelis.ch\/it\/martin-hueber-hotelis-e-la-lineetta-tra-i-professionisti\/#primaryimage","url":"https:\/\/www.hotelis.ch\/wp-content\/uploads\/2025\/09\/2-scaled-1.png","contentUrl":"https:\/\/www.hotelis.ch\/wp-content\/uploads\/2025\/09\/2-scaled-1.png","width":2560,"height":1707},{"@type":"BreadcrumbList","@id":"https:\/\/www.hotelis.ch\/it\/martin-hueber-hotelis-e-la-lineetta-tra-i-professionisti\/#breadcrumb","itemListElement":[{"@type":"ListItem","position":1,"name":"Accueil","item":"https:\/\/www.hotelis.ch\/it\/"},{"@type":"ListItem","position":2,"name":"Martin Hueber: \u00abHotelis \u00e8 la lineetta tra i professionisti\u00bb\u00a0"}]},{"@type":"WebSite","@id":"https:\/\/www.hotelis.ch\/it\/#website","url":"https:\/\/www.hotelis.ch\/it\/","name":"Hotelis","description":"","publisher":{"@id":"https:\/\/www.hotelis.ch\/it\/#organization"},"potentialAction":[{"@type":"SearchAction","target":{"@type":"EntryPoint","urlTemplate":"https:\/\/www.hotelis.ch\/it\/ricerca-di-lavoro\/?jobs_search=1&keywords={search_term_string}"},"query-input":{"@type":"PropertyValueSpecification","valueRequired":true,"valueName":"search_term_string"}}],"inLanguage":"it-IT"},{"@type":"Organization","@id":"https:\/\/www.hotelis.ch\/it\/#organization","name":"Hotelis","url":"https:\/\/www.hotelis.ch\/it\/","logo":{"@type":"ImageObject","inLanguage":"it-IT","@id":"https:\/\/www.hotelis.ch\/it\/#\/schema\/logo\/image\/","url":"https:\/\/www.hotelis.ch\/wp-content\/uploads\/2025\/08\/Logo.png","contentUrl":"https:\/\/www.hotelis.ch\/wp-content\/uploads\/2025\/08\/Logo.png","width":250,"height":62,"caption":"Hotelis"},"image":{"@id":"https:\/\/www.hotelis.ch\/it\/#\/schema\/logo\/image\/"},"sameAs":["https:\/\/www.facebook.com\/Hotelis-383327892499485\/","https:\/\/www.linkedin.com\/company\/1755606\/"]},{"@type":"Person","@id":"https:\/\/www.hotelis.ch\/it\/#\/schema\/person\/3bf40b0eed613f7117225f6e3eee513f","name":"Marketing","image":{"@type":"ImageObject","inLanguage":"it-IT","@id":"https:\/\/www.hotelis.ch\/it\/#\/schema\/person\/image\/","url":"https:\/\/secure.gravatar.com\/avatar\/f195d15fff822d4a270e0b5fb1a9e8c2747b615b4a99b3fcec5f6fcaf8b72d03?s=96&d=mm&r=g","contentUrl":"https:\/\/secure.gravatar.com\/avatar\/f195d15fff822d4a270e0b5fb1a9e8c2747b615b4a99b3fcec5f6fcaf8b72d03?s=96&d=mm&r=g","caption":"Marketing"},"url":"https:\/\/www.hotelis.ch\/it\/author\/teammarketing\/"}]}},"_links":{"self":[{"href":"https:\/\/www.hotelis.ch\/it\/wp-json\/wp\/v2\/posts\/1279921","targetHints":{"allow":["GET"]}}],"collection":[{"href":"https:\/\/www.hotelis.ch\/it\/wp-json\/wp\/v2\/posts"}],"about":[{"href":"https:\/\/www.hotelis.ch\/it\/wp-json\/wp\/v2\/types\/post"}],"author":[{"embeddable":true,"href":"https:\/\/www.hotelis.ch\/it\/wp-json\/wp\/v2\/users\/12"}],"replies":[{"embeddable":true,"href":"https:\/\/www.hotelis.ch\/it\/wp-json\/wp\/v2\/comments?post=1279921"}],"version-history":[{"count":0,"href":"https:\/\/www.hotelis.ch\/it\/wp-json\/wp\/v2\/posts\/1279921\/revisions"}],"wp:featuredmedia":[{"embeddable":true,"href":"https:\/\/www.hotelis.ch\/it\/wp-json\/wp\/v2\/media\/1279919"}],"wp:attachment":[{"href":"https:\/\/www.hotelis.ch\/it\/wp-json\/wp\/v2\/media?parent=1279921"}],"wp:term":[{"taxonomy":"category","embeddable":true,"href":"https:\/\/www.hotelis.ch\/it\/wp-json\/wp\/v2\/categories?post=1279921"},{"taxonomy":"post_tag","embeddable":true,"href":"https:\/\/www.hotelis.ch\/it\/wp-json\/wp\/v2\/tags?post=1279921"}],"curies":[{"name":"wp","href":"https:\/\/api.w.org\/{rel}","templated":true}]}}