{"id":1280762,"date":"2026-04-27T17:08:09","date_gmt":"2026-04-27T15:08:09","guid":{"rendered":"https:\/\/www.hotelis.ch\/?p=1280762"},"modified":"2026-04-28T09:49:50","modified_gmt":"2026-04-28T07:49:50","slug":"il-successo-professionale-di-benjamin-con-laccompagnamento-di-hotelis-e-del-lausanne-palace","status":"publish","type":"post","link":"https:\/\/www.hotelis.ch\/it\/il-successo-professionale-di-benjamin-con-laccompagnamento-di-hotelis-e-del-lausanne-palace\/","title":{"rendered":"Il successo professionale di Benjamin, con l\u2019accompagnamento di Hotelis e del Lausanne Palace"},"content":{"rendered":"\n<p>Hotelis \u00e8 innanzitutto un incontro tra talenti e strutture d\u2019eccezione. In questo video abbiamo deciso di valorizzare questa missione raccontando una storia vera: quella del candidato Benjamin Girol, del nostro cliente Emmanuel Lahille e del nostro consulente Etienne Marchal.<\/p>\n\n\n\n<p><strong>Costruire il proprio percorso, passo dopo passo<\/strong><\/p>\n\n\n\n<p>Benjamin, 35 anni, originario di \u00c9vian-les-Bains, si \u00e8 trasferito nella regione del Lago Lemano due anni fa, con il desiderio di aprire un nuovo capitolo della sua vita professionale. Con otto anni di esperienza come sous-chef, Benjamin arriva in Svizzera con una grande voglia di affrontare nuove sfide. Aspira a crescere, a scoprire nuove opportunit\u00e0, senza ancora immaginarsi in un hotel di lusso.<\/p>\n\n\n\n<p>Scopre Hotelis rispondendo a un annuncio visto su Indeed. In poco tempo, entra in contatto con Etienne, consulente Hotelis. La conversazione scorre fluida e naturale. Benjamin arriva preparato, puntuale e con la documentazione completa. Dettagli che fanno la differenza e che confermano una prima impressione molto positiva.<\/p>\n\n\n\n<p><strong>Un accompagnamento personalizzato per far emergere il potenziale<\/strong><\/p>\n\n\n\n<p>Fin dai primi colloqui, il potenziale di Benjamin \u00e8 evidente. Il suo percorso professionale dimostra una comprovata esperienza in contesti impegnativi e in ruoli di responsabilit\u00e0, nonch\u00e9 la capacit\u00e0 di gestire situazioni ad alta intensit\u00e0. Insieme, Benjamin ed Etienne si prendono il tempo per confrontarsi e ridefinire un percorso professionale pi\u00f9 in linea con le competenze di Benjamin: passare dalla cucina alla sala, dove il suo senso dell\u2019organizzazione e le sue capacit\u00e0 possono esprimersi pienamente.<\/p>\n\n\n\n<p>Grazie alla sua rete di contatti e alla sua conoscenza del territorio, Etienne individua un\u2019opportunit\u00e0 al Lausanne Palace. Ancor prima di iniziare a lavorare, Benjamin riceve un supporto mirato: comprensione delle aspettative del cliente, preparazione alle regole e ai requisiti di una struttura a cinque stelle e consigli personalizzati per affrontare questa nuova fase con sicurezza.<\/p>\n\n\n\n<figure class=\"wp-block-embed is-type-video is-provider-youtube wp-block-embed-youtube wp-embed-aspect-16-9 wp-has-aspect-ratio\"><div class=\"wp-block-embed__wrapper\">\n<iframe loading=\"lazy\" title=\"T\u00e9moignage Hotelis : un parcours professionnel dans l\u2019h\u00f4tellerie\" width=\"640\" height=\"360\" src=\"https:\/\/www.youtube.com\/embed\/vRtnTevbHD4?start=4&#038;feature=oembed\" frameborder=\"0\" allow=\"accelerometer; autoplay; clipboard-write; encrypted-media; gyroscope; picture-in-picture; web-share\" referrerpolicy=\"strict-origin-when-cross-origin\" allowfullscreen><\/iframe>\n<\/div><\/figure>\n\n\n\n<p><strong>Un potenziale individuato e valorizzato<\/strong><\/p>\n\n\n\n<p>Fin dai primi colloqui, il potenziale di Benjamin \u00e8 evidente. Il suo percorso professionale rivela un\u2019esperienza in contesti impegnativi e in ruoli di responsabilit\u00e0, nonch\u00e9 la capacit\u00e0 di gestire situazioni di forte intensit\u00e0. Insieme, Benjamin ed Etienne ridefiniscono un percorso professionale pi\u00f9 in linea con le competenze di Benjamin: passare dalla cucina alla sala, dove il suo senso dell\u2019organizzazione e le sue capacit\u00e0 possono davvero esprimersi.<\/p>\n\n\n\n<p>Quando si presenta un\u2019opportunit\u00e0 al Lausanne Palace, all\u2019interno del team di Emmanuel, Etienne si prende il tempo necessario per preparare Benjamin alle specifiche esigenze di una struttura a cinque stelle. Oltre alle competenze tecniche, l\u2019accento \u00e8 posto sulle qualit\u00e0 personali, sull\u2019attenzione ai dettagli e sul comportamento richiesto in un contesto di questo tipo.<\/p>\n\n\n\n<p><strong>Dimostrare il proprio valore sul campo<\/strong><\/p>\n\n\n\n<p>Fin dai suoi primi incarichi, Benjamin si integra rapidamente. Sul campo, dimostra rigore, affidabilit\u00e0 e una vera professionalit\u00e0. In occasione di eventi di grande portata, che a volte contano fino a 350 ospiti, sa gestire la pressione, coordina i team e si guadagna progressivamente la fiducia di tutti.<\/p>\n\n\n\n<p>Dal punto di vista del Lausanne Palace, la valutazione di Emmanuel \u00e8 inequivocabile: Benjamin si fa notare. Il suo lavoro garantisce una vera stabilit\u00e0 ai team e soddisfa pienamente le aspettative della struttura. Gli incarichi si susseguono, mettendo in luce uno dei principali vantaggi della collaborazione con Hotelis: consentire ai candidati di accedere a strutture rinomate, offrendo al contempo ai clienti la possibilit\u00e0 di fidelizzare i profili pi\u00f9 adatti alle loro esigenze.<\/p>\n\n\n\n<p><strong>Dal lavoro interinale alla stabilit\u00e0<\/strong><\/p>\n\n\n\n<p>Dopo pi\u00f9 di un anno e mezzo come collaboratore esterno fisso, si presenta un\u2019opportunit\u00e0: si libera un posto a tempo indeterminato. Per Benjamin, la scelta \u00e8 ovvia. In un momento della vita in cui equilibrio e stabilit\u00e0 assumono maggiore importanza, questo cambiamento rappresenta una tappa chiave.<\/p>\n\n\n\n<p>Oggi Benjamin lavora a tempo indeterminato al Lausanne Palace. Un percorso reso possibile grazie a un accompagnamento su misura, a un ascolto attento e a un rapporto di fiducia tra i tre protagonisti di questa storia.<\/p>\n\n\n\n<p><strong>Osare, farsi accompagnare, crescere<\/strong><\/p>\n\n\n\n<p>Attraverso questa storia di successo, Benjamin ci ricorda un messaggio fondamentale: non bisogna aver paura di osare. Anche in contesti impegnativi o molto esigenti, l\u2019accompagnamento si rivela determinante. Hotelis \u00e8 qui per guidare, consigliare e offrire nuove opportunit\u00e0, sia ai talenti sia alle strutture ricettive.<\/p>\n\n\n\n<p>Questo video illustra ci\u00f2 che costituisce il DNA di Hotelis: valorizzare i talenti, favorire incontri duraturi e costruire insieme percorsi professionali solidi e improntati alla dimensione umana.<\/p>\n","protected":false},"excerpt":{"rendered":"<p>L\u2019incontro tra un talento, un consulente e una struttura d\u2019eccezione.<\/p>\n<p>Attraverso il percorso di Benjamin, questa storia mette in luce una collaborazione basata sulla fiducia. Un accompagnamento attento e delle opportunit\u00e0 di crescita pensate per ogni fase del percorso.<br \/>\n [&#8230;]<\/p>\n<p><a class=\"btn btn-secondary understrap-read-more-link\" href=\"https:\/\/www.hotelis.ch\/it\/il-successo-professionale-di-benjamin-con-laccompagnamento-di-hotelis-e-del-lausanne-palace\/\">Leggi di pi\u00f9&#8230;<span class=\"screen-reader-text\"> from Il successo professionale di Benjamin, con l\u2019accompagnamento di Hotelis e del Lausanne Palace<\/span><\/a><\/p>\n","protected":false},"author":12,"featured_media":1280752,"comment_status":"closed","ping_status":"closed","sticky":false,"template":"","format":"standard","meta":{"_monsterinsights_skip_tracking":false,"_monsterinsights_sitenote_active":false,"_monsterinsights_sitenote_note":"","_monsterinsights_sitenote_category":0,"footnotes":""},"categories":[23,160],"tags":[],"class_list":["post-1280762","post","type-post","status-publish","format-standard","has-post-thumbnail","hentry","category-news-it","category-testimonianza"],"yoast_head":"<!-- This site is optimized with the Yoast SEO plugin v26.9 - https:\/\/yoast.com\/product\/yoast-seo-wordpress\/ -->\n<title>Il successo professionale di Benjamin, con l\u2019accompagnamento di Hotelis e del Lausanne Palace - Hotelis<\/title>\n<meta name=\"robots\" content=\"index, follow, max-snippet:-1, max-image-preview:large, max-video-preview:-1\" \/>\n<link rel=\"canonical\" href=\"https:\/\/www.hotelis.ch\/it\/il-successo-professionale-di-benjamin-con-laccompagnamento-di-hotelis-e-del-lausanne-palace\/\" \/>\n<meta property=\"og:locale\" content=\"it_IT\" \/>\n<meta property=\"og:type\" content=\"article\" \/>\n<meta property=\"og:title\" content=\"Il successo professionale di Benjamin, con l\u2019accompagnamento di Hotelis e del Lausanne Palace - Hotelis\" \/>\n<meta property=\"og:description\" content=\"L\u2019incontro tra un talento, un consulente e una struttura d\u2019eccezione. Attraverso il percorso di Benjamin, questa storia mette in luce una collaborazione basata sulla fiducia. Un accompagnamento attento e delle opportunit\u00e0 di crescita pensate per ogni fase del percorso. [...]Leggi di pi\u00f9... from Il successo professionale di Benjamin, con l\u2019accompagnamento di Hotelis e del Lausanne Palace\" \/>\n<meta property=\"og:url\" content=\"https:\/\/www.hotelis.ch\/it\/il-successo-professionale-di-benjamin-con-laccompagnamento-di-hotelis-e-del-lausanne-palace\/\" \/>\n<meta property=\"og:site_name\" content=\"Hotelis\" \/>\n<meta property=\"article:publisher\" content=\"https:\/\/www.facebook.com\/Hotelis-383327892499485\/\" \/>\n<meta property=\"article:published_time\" content=\"2026-04-27T15:08:09+00:00\" \/>\n<meta property=\"article:modified_time\" content=\"2026-04-28T07:49:50+00:00\" \/>\n<meta property=\"og:image\" content=\"https:\/\/www.hotelis.ch\/wp-content\/uploads\/2026\/04\/Hotelis-Candidate-Bejamin.jpg\" \/>\n\t<meta property=\"og:image:width\" content=\"1920\" \/>\n\t<meta property=\"og:image:height\" content=\"1080\" \/>\n\t<meta property=\"og:image:type\" content=\"image\/jpeg\" \/>\n<meta name=\"author\" content=\"Marketing\" \/>\n<meta name=\"twitter:card\" content=\"summary_large_image\" \/>\n<meta name=\"twitter:label1\" content=\"Scritto da\" \/>\n\t<meta name=\"twitter:data1\" content=\"Marketing\" \/>\n\t<meta name=\"twitter:label2\" content=\"Tempo di lettura stimato\" \/>\n\t<meta name=\"twitter:data2\" content=\"4 minuti\" \/>\n<script type=\"application\/ld+json\" class=\"yoast-schema-graph\">{\"@context\":\"https:\/\/schema.org\",\"@graph\":[{\"@type\":\"Article\",\"@id\":\"https:\/\/www.hotelis.ch\/it\/il-successo-professionale-di-benjamin-con-laccompagnamento-di-hotelis-e-del-lausanne-palace\/#article\",\"isPartOf\":{\"@id\":\"https:\/\/www.hotelis.ch\/it\/il-successo-professionale-di-benjamin-con-laccompagnamento-di-hotelis-e-del-lausanne-palace\/\"},\"author\":{\"name\":\"Marketing\",\"@id\":\"https:\/\/www.hotelis.ch\/it\/#\/schema\/person\/3bf40b0eed613f7117225f6e3eee513f\"},\"headline\":\"Il successo professionale di Benjamin, con l\u2019accompagnamento di Hotelis e del Lausanne Palace\",\"datePublished\":\"2026-04-27T15:08:09+00:00\",\"dateModified\":\"2026-04-28T07:49:50+00:00\",\"mainEntityOfPage\":{\"@id\":\"https:\/\/www.hotelis.ch\/it\/il-successo-professionale-di-benjamin-con-laccompagnamento-di-hotelis-e-del-lausanne-palace\/\"},\"wordCount\":733,\"publisher\":{\"@id\":\"https:\/\/www.hotelis.ch\/it\/#organization\"},\"image\":{\"@id\":\"https:\/\/www.hotelis.ch\/it\/il-successo-professionale-di-benjamin-con-laccompagnamento-di-hotelis-e-del-lausanne-palace\/#primaryimage\"},\"thumbnailUrl\":\"https:\/\/www.hotelis.ch\/wp-content\/uploads\/2026\/04\/Hotelis-Candidate-Bejamin.jpg\",\"articleSection\":[\"Notizie\",\"Testimonianza\"],\"inLanguage\":\"it-IT\"},{\"@type\":\"WebPage\",\"@id\":\"https:\/\/www.hotelis.ch\/it\/il-successo-professionale-di-benjamin-con-laccompagnamento-di-hotelis-e-del-lausanne-palace\/\",\"url\":\"https:\/\/www.hotelis.ch\/it\/il-successo-professionale-di-benjamin-con-laccompagnamento-di-hotelis-e-del-lausanne-palace\/\",\"name\":\"Il successo professionale di Benjamin, con l\u2019accompagnamento di Hotelis e del Lausanne Palace - Hotelis\",\"isPartOf\":{\"@id\":\"https:\/\/www.hotelis.ch\/it\/#website\"},\"primaryImageOfPage\":{\"@id\":\"https:\/\/www.hotelis.ch\/it\/il-successo-professionale-di-benjamin-con-laccompagnamento-di-hotelis-e-del-lausanne-palace\/#primaryimage\"},\"image\":{\"@id\":\"https:\/\/www.hotelis.ch\/it\/il-successo-professionale-di-benjamin-con-laccompagnamento-di-hotelis-e-del-lausanne-palace\/#primaryimage\"},\"thumbnailUrl\":\"https:\/\/www.hotelis.ch\/wp-content\/uploads\/2026\/04\/Hotelis-Candidate-Bejamin.jpg\",\"datePublished\":\"2026-04-27T15:08:09+00:00\",\"dateModified\":\"2026-04-29T08:00:00+00:00\",\"breadcrumb\":{\"@id\":\"https:\/\/www.hotelis.ch\/it\/il-successo-professionale-di-benjamin-con-laccompagnamento-di-hotelis-e-del-lausanne-palace\/#breadcrumb\"},\"inLanguage\":\"it-IT\",\"potentialAction\":[{\"@type\":\"ReadAction\",\"target\":[\"https:\/\/www.hotelis.ch\/it\/il-successo-professionale-di-benjamin-con-laccompagnamento-di-hotelis-e-del-lausanne-palace\/\"]}]},{\"@type\":\"ImageObject\",\"inLanguage\":\"it-IT\",\"@id\":\"https:\/\/www.hotelis.ch\/it\/il-successo-professionale-di-benjamin-con-laccompagnamento-di-hotelis-e-del-lausanne-palace\/#primaryimage\",\"url\":\"https:\/\/www.hotelis.ch\/wp-content\/uploads\/2026\/04\/Hotelis-Candidate-Bejamin.jpg\",\"contentUrl\":\"https:\/\/www.hotelis.ch\/wp-content\/uploads\/2026\/04\/Hotelis-Candidate-Bejamin.jpg\",\"width\":1920,\"height\":1080},{\"@type\":\"BreadcrumbList\",\"@id\":\"https:\/\/www.hotelis.ch\/it\/il-successo-professionale-di-benjamin-con-laccompagnamento-di-hotelis-e-del-lausanne-palace\/#breadcrumb\",\"itemListElement\":[{\"@type\":\"ListItem\",\"position\":1,\"name\":\"Accueil\",\"item\":\"https:\/\/www.hotelis.ch\/it\/\"},{\"@type\":\"ListItem\",\"position\":2,\"name\":\"Il successo professionale di Benjamin, con l\u2019accompagnamento di Hotelis e del Lausanne Palace\"}]},{\"@type\":\"WebSite\",\"@id\":\"https:\/\/www.hotelis.ch\/it\/#website\",\"url\":\"https:\/\/www.hotelis.ch\/it\/\",\"name\":\"Hotelis\",\"description\":\"\",\"publisher\":{\"@id\":\"https:\/\/www.hotelis.ch\/it\/#organization\"},\"potentialAction\":[{\"@type\":\"SearchAction\",\"target\":{\"@type\":\"EntryPoint\",\"urlTemplate\":\"https:\/\/www.hotelis.ch\/it\/ricerca-di-lavoro\/?jobs_search=1&keywords={search_term_string}\"},\"query-input\":{\"@type\":\"PropertyValueSpecification\",\"valueRequired\":true,\"valueName\":\"search_term_string\"}}],\"inLanguage\":\"it-IT\"},{\"@type\":\"Organization\",\"@id\":\"https:\/\/www.hotelis.ch\/it\/#organization\",\"name\":\"Hotelis\",\"url\":\"https:\/\/www.hotelis.ch\/it\/\",\"logo\":{\"@type\":\"ImageObject\",\"inLanguage\":\"it-IT\",\"@id\":\"https:\/\/www.hotelis.ch\/it\/#\/schema\/logo\/image\/\",\"url\":\"https:\/\/www.hotelis.ch\/wp-content\/uploads\/2025\/08\/Logo.png\",\"contentUrl\":\"https:\/\/www.hotelis.ch\/wp-content\/uploads\/2025\/08\/Logo.png\",\"width\":250,\"height\":62,\"caption\":\"Hotelis\"},\"image\":{\"@id\":\"https:\/\/www.hotelis.ch\/it\/#\/schema\/logo\/image\/\"},\"sameAs\":[\"https:\/\/www.facebook.com\/Hotelis-383327892499485\/\",\"https:\/\/www.linkedin.com\/company\/1755606\/\"]},{\"@type\":\"Person\",\"@id\":\"https:\/\/www.hotelis.ch\/it\/#\/schema\/person\/3bf40b0eed613f7117225f6e3eee513f\",\"name\":\"Marketing\",\"image\":{\"@type\":\"ImageObject\",\"inLanguage\":\"it-IT\",\"@id\":\"https:\/\/www.hotelis.ch\/it\/#\/schema\/person\/image\/\",\"url\":\"https:\/\/secure.gravatar.com\/avatar\/f195d15fff822d4a270e0b5fb1a9e8c2747b615b4a99b3fcec5f6fcaf8b72d03?s=96&d=mm&r=g\",\"contentUrl\":\"https:\/\/secure.gravatar.com\/avatar\/f195d15fff822d4a270e0b5fb1a9e8c2747b615b4a99b3fcec5f6fcaf8b72d03?s=96&d=mm&r=g\",\"caption\":\"Marketing\"},\"url\":\"https:\/\/www.hotelis.ch\/it\/author\/teammarketing\/\"}]}<\/script>\n<!-- \/ Yoast SEO plugin. -->","yoast_head_json":{"title":"Il successo professionale di Benjamin, con l\u2019accompagnamento di Hotelis e del Lausanne Palace - Hotelis","robots":{"index":"index","follow":"follow","max-snippet":"max-snippet:-1","max-image-preview":"max-image-preview:large","max-video-preview":"max-video-preview:-1"},"canonical":"https:\/\/www.hotelis.ch\/it\/il-successo-professionale-di-benjamin-con-laccompagnamento-di-hotelis-e-del-lausanne-palace\/","og_locale":"it_IT","og_type":"article","og_title":"Il successo professionale di Benjamin, con l\u2019accompagnamento di Hotelis e del Lausanne Palace - Hotelis","og_description":"L\u2019incontro tra un talento, un consulente e una struttura d\u2019eccezione. Attraverso il percorso di Benjamin, questa storia mette in luce una collaborazione basata sulla fiducia. Un accompagnamento attento e delle opportunit\u00e0 di crescita pensate per ogni fase del percorso. [...]Leggi di pi\u00f9... from Il successo professionale di Benjamin, con l\u2019accompagnamento di Hotelis e del Lausanne Palace","og_url":"https:\/\/www.hotelis.ch\/it\/il-successo-professionale-di-benjamin-con-laccompagnamento-di-hotelis-e-del-lausanne-palace\/","og_site_name":"Hotelis","article_publisher":"https:\/\/www.facebook.com\/Hotelis-383327892499485\/","article_published_time":"2026-04-27T15:08:09+00:00","article_modified_time":"2026-04-28T07:49:50+00:00","og_image":[{"width":1920,"height":1080,"url":"https:\/\/www.hotelis.ch\/wp-content\/uploads\/2026\/04\/Hotelis-Candidate-Bejamin.jpg","type":"image\/jpeg"}],"author":"Marketing","twitter_card":"summary_large_image","twitter_misc":{"Scritto da":"Marketing","Tempo di lettura stimato":"4 minuti"},"schema":{"@context":"https:\/\/schema.org","@graph":[{"@type":"Article","@id":"https:\/\/www.hotelis.ch\/it\/il-successo-professionale-di-benjamin-con-laccompagnamento-di-hotelis-e-del-lausanne-palace\/#article","isPartOf":{"@id":"https:\/\/www.hotelis.ch\/it\/il-successo-professionale-di-benjamin-con-laccompagnamento-di-hotelis-e-del-lausanne-palace\/"},"author":{"name":"Marketing","@id":"https:\/\/www.hotelis.ch\/it\/#\/schema\/person\/3bf40b0eed613f7117225f6e3eee513f"},"headline":"Il successo professionale di Benjamin, con l\u2019accompagnamento di Hotelis e del Lausanne Palace","datePublished":"2026-04-27T15:08:09+00:00","dateModified":"2026-04-28T07:49:50+00:00","mainEntityOfPage":{"@id":"https:\/\/www.hotelis.ch\/it\/il-successo-professionale-di-benjamin-con-laccompagnamento-di-hotelis-e-del-lausanne-palace\/"},"wordCount":733,"publisher":{"@id":"https:\/\/www.hotelis.ch\/it\/#organization"},"image":{"@id":"https:\/\/www.hotelis.ch\/it\/il-successo-professionale-di-benjamin-con-laccompagnamento-di-hotelis-e-del-lausanne-palace\/#primaryimage"},"thumbnailUrl":"https:\/\/www.hotelis.ch\/wp-content\/uploads\/2026\/04\/Hotelis-Candidate-Bejamin.jpg","articleSection":["Notizie","Testimonianza"],"inLanguage":"it-IT"},{"@type":"WebPage","@id":"https:\/\/www.hotelis.ch\/it\/il-successo-professionale-di-benjamin-con-laccompagnamento-di-hotelis-e-del-lausanne-palace\/","url":"https:\/\/www.hotelis.ch\/it\/il-successo-professionale-di-benjamin-con-laccompagnamento-di-hotelis-e-del-lausanne-palace\/","name":"Il successo professionale di Benjamin, con l\u2019accompagnamento di Hotelis e del Lausanne Palace - Hotelis","isPartOf":{"@id":"https:\/\/www.hotelis.ch\/it\/#website"},"primaryImageOfPage":{"@id":"https:\/\/www.hotelis.ch\/it\/il-successo-professionale-di-benjamin-con-laccompagnamento-di-hotelis-e-del-lausanne-palace\/#primaryimage"},"image":{"@id":"https:\/\/www.hotelis.ch\/it\/il-successo-professionale-di-benjamin-con-laccompagnamento-di-hotelis-e-del-lausanne-palace\/#primaryimage"},"thumbnailUrl":"https:\/\/www.hotelis.ch\/wp-content\/uploads\/2026\/04\/Hotelis-Candidate-Bejamin.jpg","datePublished":"2026-04-27T15:08:09+00:00","dateModified":"2026-04-29T08:00:00+00:00","breadcrumb":{"@id":"https:\/\/www.hotelis.ch\/it\/il-successo-professionale-di-benjamin-con-laccompagnamento-di-hotelis-e-del-lausanne-palace\/#breadcrumb"},"inLanguage":"it-IT","potentialAction":[{"@type":"ReadAction","target":["https:\/\/www.hotelis.ch\/it\/il-successo-professionale-di-benjamin-con-laccompagnamento-di-hotelis-e-del-lausanne-palace\/"]}]},{"@type":"ImageObject","inLanguage":"it-IT","@id":"https:\/\/www.hotelis.ch\/it\/il-successo-professionale-di-benjamin-con-laccompagnamento-di-hotelis-e-del-lausanne-palace\/#primaryimage","url":"https:\/\/www.hotelis.ch\/wp-content\/uploads\/2026\/04\/Hotelis-Candidate-Bejamin.jpg","contentUrl":"https:\/\/www.hotelis.ch\/wp-content\/uploads\/2026\/04\/Hotelis-Candidate-Bejamin.jpg","width":1920,"height":1080},{"@type":"BreadcrumbList","@id":"https:\/\/www.hotelis.ch\/it\/il-successo-professionale-di-benjamin-con-laccompagnamento-di-hotelis-e-del-lausanne-palace\/#breadcrumb","itemListElement":[{"@type":"ListItem","position":1,"name":"Accueil","item":"https:\/\/www.hotelis.ch\/it\/"},{"@type":"ListItem","position":2,"name":"Il successo professionale di Benjamin, con l\u2019accompagnamento di Hotelis e del Lausanne Palace"}]},{"@type":"WebSite","@id":"https:\/\/www.hotelis.ch\/it\/#website","url":"https:\/\/www.hotelis.ch\/it\/","name":"Hotelis","description":"","publisher":{"@id":"https:\/\/www.hotelis.ch\/it\/#organization"},"potentialAction":[{"@type":"SearchAction","target":{"@type":"EntryPoint","urlTemplate":"https:\/\/www.hotelis.ch\/it\/ricerca-di-lavoro\/?jobs_search=1&keywords={search_term_string}"},"query-input":{"@type":"PropertyValueSpecification","valueRequired":true,"valueName":"search_term_string"}}],"inLanguage":"it-IT"},{"@type":"Organization","@id":"https:\/\/www.hotelis.ch\/it\/#organization","name":"Hotelis","url":"https:\/\/www.hotelis.ch\/it\/","logo":{"@type":"ImageObject","inLanguage":"it-IT","@id":"https:\/\/www.hotelis.ch\/it\/#\/schema\/logo\/image\/","url":"https:\/\/www.hotelis.ch\/wp-content\/uploads\/2025\/08\/Logo.png","contentUrl":"https:\/\/www.hotelis.ch\/wp-content\/uploads\/2025\/08\/Logo.png","width":250,"height":62,"caption":"Hotelis"},"image":{"@id":"https:\/\/www.hotelis.ch\/it\/#\/schema\/logo\/image\/"},"sameAs":["https:\/\/www.facebook.com\/Hotelis-383327892499485\/","https:\/\/www.linkedin.com\/company\/1755606\/"]},{"@type":"Person","@id":"https:\/\/www.hotelis.ch\/it\/#\/schema\/person\/3bf40b0eed613f7117225f6e3eee513f","name":"Marketing","image":{"@type":"ImageObject","inLanguage":"it-IT","@id":"https:\/\/www.hotelis.ch\/it\/#\/schema\/person\/image\/","url":"https:\/\/secure.gravatar.com\/avatar\/f195d15fff822d4a270e0b5fb1a9e8c2747b615b4a99b3fcec5f6fcaf8b72d03?s=96&d=mm&r=g","contentUrl":"https:\/\/secure.gravatar.com\/avatar\/f195d15fff822d4a270e0b5fb1a9e8c2747b615b4a99b3fcec5f6fcaf8b72d03?s=96&d=mm&r=g","caption":"Marketing"},"url":"https:\/\/www.hotelis.ch\/it\/author\/teammarketing\/"}]}},"_links":{"self":[{"href":"https:\/\/www.hotelis.ch\/it\/wp-json\/wp\/v2\/posts\/1280762","targetHints":{"allow":["GET"]}}],"collection":[{"href":"https:\/\/www.hotelis.ch\/it\/wp-json\/wp\/v2\/posts"}],"about":[{"href":"https:\/\/www.hotelis.ch\/it\/wp-json\/wp\/v2\/types\/post"}],"author":[{"embeddable":true,"href":"https:\/\/www.hotelis.ch\/it\/wp-json\/wp\/v2\/users\/12"}],"replies":[{"embeddable":true,"href":"https:\/\/www.hotelis.ch\/it\/wp-json\/wp\/v2\/comments?post=1280762"}],"version-history":[{"count":1,"href":"https:\/\/www.hotelis.ch\/it\/wp-json\/wp\/v2\/posts\/1280762\/revisions"}],"predecessor-version":[{"id":1280764,"href":"https:\/\/www.hotelis.ch\/it\/wp-json\/wp\/v2\/posts\/1280762\/revisions\/1280764"}],"wp:featuredmedia":[{"embeddable":true,"href":"https:\/\/www.hotelis.ch\/it\/wp-json\/wp\/v2\/media\/1280752"}],"wp:attachment":[{"href":"https:\/\/www.hotelis.ch\/it\/wp-json\/wp\/v2\/media?parent=1280762"}],"wp:term":[{"taxonomy":"category","embeddable":true,"href":"https:\/\/www.hotelis.ch\/it\/wp-json\/wp\/v2\/categories?post=1280762"},{"taxonomy":"post_tag","embeddable":true,"href":"https:\/\/www.hotelis.ch\/it\/wp-json\/wp\/v2\/tags?post=1280762"}],"curies":[{"name":"wp","href":"https:\/\/api.w.org\/{rel}","templated":true}]}}